{"id":2015,"date":"2025-03-09T08:34:19","date_gmt":"2025-03-09T08:34:19","guid":{"rendered":"https:\/\/devabor.com\/?p=2015"},"modified":"2025-03-09T08:34:23","modified_gmt":"2025-03-09T08:34:23","slug":"zold-palack-zold-jovo-fenntarthato-borcsomagolas-lehetosegei","status":"publish","type":"post","link":"https:\/\/devabor.com\/en\/zold-palack-zold-jovo-fenntarthato-borcsomagolas-lehetosegei\/","title":{"rendered":"Z\u00f6ld palack, z\u00f6ld j\u00f6v\u0151 \u2013 Fenntarthat\u00f3 borcsomagol\u00e1s lehet\u0151s\u00e9gei"},"content":{"rendered":"<h3 class=\"wp-block-heading\"><\/h3>\n\n\n\n<h4 class=\"wp-block-heading\"><strong>A borcsomagol\u00e1s szerepe a fenntarthat\u00f3s\u00e1gban<\/strong><\/h4>\n\n\n\n<p>Egyre nagyobb hangs\u00falyt kap a fenntarthat\u00f3 \u00e9letm\u00f3d, a gazdas\u00e1goss\u00e1g \u00e9s a sz\u0151l\u00e9szet-bor\u00e1szat egyre szigor\u00fabb k\u00f6rnyezetv\u00e9delmi szab\u00e1lyoz\u00e1sai. Ennek ellen\u00e9re a bor\u00e1szatban haszn\u00e1lt csomagol\u00e1stechnol\u00f3gi\u00e1r\u00f3l m\u00e9g mindig keveset hallani, pedig ennek is szerves r\u00e9sz\u00e9t kellene k\u00e9peznie a fenntarthat\u00f3s\u00e1gi t\u00f6rekv\u00e9seknek.<\/p>\n\n\n\n<p>A csomagol\u00e1s a bor\u00e1gazat egyik legnagyobb k\u00f6rnyezeti terhel\u00e9ssel j\u00e1r\u00f3 t\u00e9nyez\u0151je, hiszen el\u0151\u00e1ll\u00edt\u00e1sa jelent\u0151s mennyis\u00e9g\u0171 energi\u00e1t \u00e9s nyersanyagot ig\u00e9nyel, r\u00e1ad\u00e1sul a sz\u00e1ll\u00edt\u00e1s sor\u00e1n is n\u00f6veli a karbonl\u00e1bnyomot. \u00c9ppen ez\u00e9rt kulcsfontoss\u00e1g\u00fa, hogy a bor\u00e1szatok fenntarthat\u00f3bb csomagol\u00e1si megold\u00e1sokat keressenek.<\/p>\n\n\n\n<p>De milyen ir\u00e1nyba indulhatunk el? Milyen lehet\u0151s\u00e9geink vannak, ha szeretn\u00e9nk minimaliz\u00e1lni term\u00e9keink k\u00f6rnyezeti hat\u00e1s\u00e1t, \u00e9s olyan csomagol\u00e1st v\u00e1lasztani, amely a lehet\u0151 legkisebb terhet r\u00f3ja a v\u00e1s\u00e1rl\u00f3kra \u00e9s a k\u00f6rnyezetre?<\/p>\n\n\n\n<p>A csomagol\u00e1s nem csak a bor v\u00e9delm\u00e9t szolg\u00e1lja, hanem jelent\u0151s hat\u00e1ssal b\u00edr a k\u00f6rnyezetre. Ugyanakkor szeretn\u00e9nk egyens\u00falyt is teremteni a min\u0151s\u00e9g, eszt\u00e9tika \u00e9s fenntarthat\u00f3s\u00e1g k\u00f6z\u00f6tt. Ez neh\u00e9z feladat, mert senkinek nem tudunk 100 %-ban megfelelni \u00e9s lehet egyel\u0151re nem is l\u00e9tezik a t\u00f6k\u00e9letes megold\u00e1s erre. <\/p>\n\n\n\n<p>Ebben a cikkben bemutatok p\u00e1r, csomagol\u00e1si trendet, amelyek k\u00f6rnyezetbar\u00e1t alternat\u00edv\u00e1kat k\u00edn\u00e1lnak. <\/p>\n\n\n\n<h3 class=\"wp-block-heading\">1. K\u00f6nny\u00edtett \u00fcvegpalackok<\/h3>\n\n\n\n<p>A hagyom\u00e1nyos boros\u00fcvegek el\u0151\u00e1ll\u00edt\u00e1sa \u00e9s sz\u00e1ll\u00edt\u00e1sa jelent\u0151s \u00f6kol\u00f3giai l\u00e1bnyomot hagy maga ut\u00e1n. A k\u00f6nny\u00edtett \u00fcvegpalackok ugyanazt a funkci\u00f3t l\u00e1tj\u00e1k el, de kevesebb nyersanyagot ig\u00e9nyelnek, \u00e9s cs\u00f6kkentik a sz\u00e1ll\u00edt\u00e1si k\u00f6lts\u00e9geket is. P\u00e9ld\u00e1ul a Torres bor\u00e1szat Spanyolorsz\u00e1gban m\u00e1r 15-20%-kal k\u00f6nnyebb palackokat haszn\u00e1l, \u00edgy jelent\u0151s mennyis\u00e9g\u0171 CO2-kibocs\u00e1t\u00e1st takar\u00edt meg. Bevallom, nekem nagyon tetszenek a nehezebb, s\u00f6t\u00e9tebb burgundi t\u00edpus\u00fa palackok. Ilyen palackokkal els\u0151 k\u00f6rben Soml\u00f3n \u00e9s p\u00e1r nat\u00far bor\u00e1szn\u00e1l tal\u00e1lkoztam. Igen, nagyon sz\u00e9pek \u00e9s eleg\u00e1ns st\u00edlus\u00faak, de j\u00f3val nehezebbek, mint az \u00e1tlagos burgundi palackok.<\/p>\n\n\n\n<h3 class=\"wp-block-heading\">2. \u00dajrahasznos\u00edtott \u00e9s alternat\u00edv anyagok<\/h3>\n\n\n\n<p>A borcsomagol\u00e1sn\u00e1l egyre t\u00f6bb bor\u00e1szat t\u00e9r \u00e1t az \u00fajrahasznos\u00edtott \u00fcvegre, pap\u00edrra vagy m\u00e1s fenntarthat\u00f3 anyagokra. Ez legink\u00e1bb k\u00fclf\u00f6ldre igaz. Nemr\u00e9g tal\u00e1ltam r\u00e1, egy igaz\u00e1n izgalmas \u00e9s \u00e9rdekes innov\u00e1ci\u00f3s term\u00e9kre a Frugal Bottle-re. <\/p>\n\n\n\n<p> A <strong>\u201e<a href=\"https:\/\/frugalpac.com\/frugal-bottle\/\">Frugal Bottle<\/a>\u201d<\/strong>, egy brit innov\u00e1ci\u00f3, amely 94%-ban \u00fajrahasznos\u00edtott pap\u00edrb\u00f3l k\u00e9sz\u00fcl, bels\u0151 biopolimer b\u00e9l\u00e9ssel, \u00edgy teljes m\u00e9rt\u00e9kben leboml\u00f3 \u00e9s \u00fajrahasznos\u00edthat\u00f3.  \u00d6tsz\u00f6r k\u00f6nnyebb \u00e9s vagy 77%-al kevesebb m\u0171anyagot tartalmaz, mint egy \u00e1tlagos PET, \u00edgy hatszor kevesebb karbonl\u00e1bnyomot tudhatunk magunk m\u00f6g\u00f6tt. <\/p>\n\n\n\n<h3 class=\"wp-block-heading\">3. PET \u00e9s alum\u00ednium palackok<\/h3>\n\n\n\n<p>Nyugodtan meg lehet k\u00f6vezni, hogy sz\u00f3ba hozom a PET palackokat \u00e9s tudom, hogy a bor\u00e1sz vil\u00e1gban sokan idegenkednek a m\u0171anyag palackokt\u00f3l, b\u00e1r m\u00e9g ma is haszn\u00e1lj\u00e1k \u0151ket, f\u0151leg kis bor\u00e1szatokban. Igen, nem valami eleg\u00e1ns, viszont l\u00e9tezik egy magas min\u0151s\u00e9g\u0171, \u00fajrahasznos\u00edthat\u00f3 PET palack csal\u00e1d is, amely jelent\u0151s s\u00falycs\u00f6kkent\u00e9st \u00e9s alacsonyabb karbonl\u00e1bnyomot k\u00edn\u00e1lnak.  Herczeg \u00c1gnes tartott 2 \u00e9vvel ezel\u0151tt err\u0151l egy el\u0151ad\u00e1st, ami engem is meglepett, de sz\u00e1mok maguk\u00e9rt besz\u00e9lnek. Itt \u00e9r az a szab\u00e1ly, hogy valamit-valami\u00e9rt. Lehet, hogy nem n\u00e9z ki eszt\u00e9tikusan, de seg\u00edt\u00fcnk vele a k\u00f6rnyezet\u00fcnknek. <\/p>\n\n\n\n<p><strong>Alam\u00edniumpalackok<\/strong><\/p>\n\n\n\n<p>Az alum\u00edniumpalackok haszn\u00e1lata egyre jobban elterjedt az ut\u00f3bbi id\u0151kben, m\u00e9g itthon is, mert  nemcsak k\u00f6nny\u0171ek \u00e9s tart\u00f3sak, hanem szinte teljes m\u00e9rt\u00e9kben \u00fajrahasznos\u00edthat\u00f3k is, \u00edgy egyre t\u00f6bb bor\u00e1szat haszn\u00e1lja \u0151ket.<\/p>\n\n\n\n<h3 class=\"wp-block-heading\">4. Bag-in-Box (BiB) megold\u00e1sok<\/h3>\n\n\n\n<p>A dobozos bor nemcsak praktikus, hanem k\u00f6rnyezetbar\u00e1t alternat\u00edva is, &#8211; igaz \u00e9n kicsit \u00f3dzkodom t\u0151le -, de a BiB csomagol\u00e1sok ak\u00e1r 80%-kal kevesebb karbonkibocs\u00e1t\u00e1ssal j\u00e1rnak, mint az \u00fcveges t\u00e1rsaik, \u00e9s hosszabb eltarthat\u00f3s\u00e1got biztos\u00edtanak a bor sz\u00e1m\u00e1ra. K\u00fcl\u00f6n\u00f6sen alkalmasak a h\u00e9tk\u00f6znapi borfogyaszt\u00e1sra \u00e9s vend\u00e9gl\u00e1t\u00f3helyek sz\u00e1m\u00e1ra. Itthon az Ostoros bor\u00e1szat, a Takler, Koch bor\u00e1szatok is haszn\u00e1lnak Bag-in Box-ot. Neked mi a v\u00e9lem\u00e9nyed r\u00f3la?  <\/p>\n\n\n\n<h3 class=\"wp-block-heading\">5. \u00dajrat\u00f6lthet\u0151 \u00e9s bet\u00e9td\u00edjas rendszerek<\/h3>\n\n\n\n<p>N\u00e9metorsz\u00e1gban \u00e9s Franciaorsz\u00e1gban m\u00e1r t\u00f6bb bor\u00e1szat k\u00eds\u00e9rletezik a bet\u00e9td\u00edjas rendszerrel, amely sor\u00e1n a v\u00e1s\u00e1rl\u00f3k visszavihetik az \u00fcres palackokat, amelyeket \u00fajrat\u00f6ltenek. Ez nemcsak a hullad\u00e9k mennyis\u00e9g\u00e9t cs\u00f6kkenti, hanem er\u0151s\u00edti a fogyaszt\u00f3k k\u00f6rnyezettudatos gondolkod\u00e1s\u00e1t is. Erre a m\u00f3dszerre kevesebb es\u00e9lyt l\u00e1tok itthon, f\u0151leg mert mi kicsit lust\u00e1k is vagyunk. B\u00e1r lehet csak eduk\u00e1ci\u00f3 k\u00e9rd\u00e9se. <\/p>\n\n\n\n<h3 class=\"wp-block-heading\">6. Komposzt\u00e1lhat\u00f3 \u00e9s leboml\u00f3 csomagol\u00e1sok<\/h3>\n\n\n\n<p>Egyes bor\u00e1szatok k\u00eds\u00e9rleteznek biol\u00f3giailag leboml\u00f3 csomagol\u00e1sokkal, p\u00e9ld\u00e1ul cukorn\u00e1dalap\u00fa m\u0171anyagokkal vagy gombaalap\u00fa alternat\u00edv\u00e1kkal. Ezek az innov\u00e1ci\u00f3k m\u00e9g gyerekcip\u0151ben j\u00e1rnak, de hossz\u00fa t\u00e1von fenntarthat\u00f3 alternat\u00edv\u00e1t jelenthetnek.<\/p>\n\n\n\n<h3 class=\"wp-block-heading\">Z\u00e1rsz\u00f3: Merre tov\u00e1bb?<\/h3>\n\n\n\n<p>A fenntarthat\u00f3 borcsomagol\u00e1s nem csup\u00e1n trend, hanem elker\u00fclhetetlen l\u00e9p\u00e9s a j\u00f6v\u0151 bor\u00e1szat\u00e1ban. A fogyaszt\u00f3k egyre ink\u00e1bb keresik a k\u00f6rnyezettudatos term\u00e9keket, \u00e9s a bor\u00e1szatoknak is l\u00e9p\u00e9st kell tartaniuk ezzel a v\u00e1ltoz\u00e1ssal. Legyen sz\u00f3 k\u00f6nny\u00edtett \u00fcvegr\u0151l, bag-in-box megold\u00e1sokr\u00f3l vagy ak\u00e1r teljesen \u00faj innov\u00e1ci\u00f3kr\u00f3l, minden apr\u00f3 l\u00e9p\u00e9s hozz\u00e1j\u00e1rulhat egy z\u00f6ldebb bor\u00e1szati vil\u00e1ghoz.<\/p>\n\n\n\n<p>A k\u00e9rd\u00e9s m\u00e1r csak az: te melyik fenntarthat\u00f3 megold\u00e1st v\u00e1lasztan\u00e1d a k\u00f6vetkez\u0151 palack borodhoz? Engem t\u00e9nyleg \u00e9rdekel a v\u00e9lem\u00e9nyed ebben a t\u00e9m\u00e1ban. <\/p>\n\n\n\n<p>\u00cdrj nyugodtan: devaborok@gmail.com c\u00edmre vagy keress meg <a href=\"https:\/\/www.instagram.com\/aszutokaji\/\">Instagramon<\/a> \u00e9s k\u00f6vess be!<\/p>\n\n\n\n<p>Ja majdnem elfelejtettem, k\u00e9sz\u00edtettem egy k\u00e9rd\u0151\u00edvet, ami ha m\u00e9g nem t\u00f6lt\u00f6tt\u00e9l ki, l\u00e9gysz\u00edves tedd meg, s\u0151t tov\u00e1bb\u00edts olyan ismer\u0151s\u00f6dnek is, akit \u00e9rdekelhet!<\/p>\n\n\n\n<p>Katt ide! -> <a href=\"https:\/\/docs.google.com\/forms\/d\/e\/1FAIpQLSeJA_OCDZi5aeh3ymj2GE3s8dSJkvF-GGX2esBEoYUuqmZ0eA\/viewform?usp=header\">https:\/\/docs.google.com\/forms\/d\/e\/1FAIpQLSeJA_OCDZi5aeh3ymj2GE3s8dSJkvF-GGX2esBEoYUuqmZ0eA\/viewform?usp=header<\/a><\/p>\n\n\n\n<p><\/p>\n\n\n\n<p><\/p>","protected":false},"excerpt":{"rendered":"<p>A borcsomagol\u00e1s szerepe a fenntarthat\u00f3s\u00e1gban Egyre nagyobb hangs\u00falyt kap a fenntarthat\u00f3 \u00e9letm\u00f3d, a gazdas\u00e1goss\u00e1g \u00e9s a sz\u0151l\u00e9szet-bor\u00e1szat egyre szigor\u00fabb k\u00f6rnyezetv\u00e9delmi&#8230;<\/p>","protected":false},"author":1,"featured_media":2028,"comment_status":"closed","ping_status":"closed","sticky":false,"template":"","format":"standard","meta":{"_seopress_robots_primary_cat":"none","_seopress_titles_title":"","_seopress_titles_desc":"","_seopress_robots_index":"","_kad_post_transparent":"","_kad_post_title":"","_kad_post_layout":"","_kad_post_sidebar_id":"","_kad_post_content_style":"","_kad_post_vertical_padding":"","_kad_post_feature":"","_kad_post_feature_position":"","_kad_post_header":false,"_kad_post_footer":false,"_kad_post_classname":"","_jetpack_memberships_contains_paid_content":false,"footnotes":""},"categories":[1],"tags":[],"class_list":["post-2015","post","type-post","status-publish","format-standard","has-post-thumbnail","hentry","category-uncategorized"],"jetpack_featured_media_url":"https:\/\/devabor.com\/wp-content\/uploads\/2025\/03\/SalutBorpodcast.png","jetpack_sharing_enabled":true,"_links":{"self":[{"href":"https:\/\/devabor.com\/en\/wp-json\/wp\/v2\/posts\/2015","targetHints":{"allow":["GET"]}}],"collection":[{"href":"https:\/\/devabor.com\/en\/wp-json\/wp\/v2\/posts"}],"about":[{"href":"https:\/\/devabor.com\/en\/wp-json\/wp\/v2\/types\/post"}],"author":[{"embeddable":true,"href":"https:\/\/devabor.com\/en\/wp-json\/wp\/v2\/users\/1"}],"replies":[{"embeddable":true,"href":"https:\/\/devabor.com\/en\/wp-json\/wp\/v2\/comments?post=2015"}],"version-history":[{"count":4,"href":"https:\/\/devabor.com\/en\/wp-json\/wp\/v2\/posts\/2015\/revisions"}],"predecessor-version":[{"id":2029,"href":"https:\/\/devabor.com\/en\/wp-json\/wp\/v2\/posts\/2015\/revisions\/2029"}],"wp:featuredmedia":[{"embeddable":true,"href":"https:\/\/devabor.com\/en\/wp-json\/wp\/v2\/media\/2028"}],"wp:attachment":[{"href":"https:\/\/devabor.com\/en\/wp-json\/wp\/v2\/media?parent=2015"}],"wp:term":[{"taxonomy":"category","embeddable":true,"href":"https:\/\/devabor.com\/en\/wp-json\/wp\/v2\/categories?post=2015"},{"taxonomy":"post_tag","embeddable":true,"href":"https:\/\/devabor.com\/en\/wp-json\/wp\/v2\/tags?post=2015"}],"curies":[{"name":"wp","href":"https:\/\/api.w.org\/{rel}","templated":true}]}}