{"id":3106,"date":"2026-01-24T10:32:52","date_gmt":"2026-01-24T10:32:52","guid":{"rendered":"https:\/\/devabor.com\/?p=3106"},"modified":"2026-03-01T12:46:59","modified_gmt":"2026-03-01T12:46:59","slug":"borasz-naplo-egy-biodinamikus-boraszatnal-2-resz","status":"publish","type":"post","link":"https:\/\/devabor.com\/en\/borasz-naplo-egy-biodinamikus-boraszatnal-2-resz\/","title":{"rendered":"Bor\u00e1sz napl\u00f3 egy biodinamikus bor\u00e1szatn\u00e1l 2. r\u00e9sz"},"content":{"rendered":"<div data-elementor-type=\"wp-post\" data-elementor-id=\"3106\" class=\"elementor elementor-3106\" data-elementor-post-type=\"post\">\n\t\t\t\t<div class=\"elementor-element elementor-element-7b95843e e-flex e-con-boxed e-con e-parent\" data-id=\"7b95843e\" data-element_type=\"container\" data-e-type=\"container\">\n\t\t\t\t\t<div class=\"e-con-inner\">\n\t\t\t\t<div class=\"elementor-element elementor-element-70f3b05a elementor-widget elementor-widget-text-editor\" data-id=\"70f3b05a\" data-element_type=\"widget\" data-e-type=\"widget\" data-widget_type=\"text-editor.default\">\n\t\t\t\t<div class=\"elementor-widget-container\">\n\t\t\t\t\t\t\t\t\t<h1>Ilyen volt az els\u0151 h\u00e9t<\/h1>\n<p>Meg\u00e9rkeztem Bianka \u00e9s Daniel Schmitt biodinamikus bor\u00e1szat\u00e1ba Fl\u00f6rsheim-Dalsheimba, amely Rheinhessen borvid\u00e9ken ter\u00fcl el.<\/p>\n<p><img alt=\"\" fetchpriority=\"high\" decoding=\"async\" class=\"alignnone wp-image-3110 size-full\" src=\"https:\/\/devabor.com\/wp-content\/uploads\/2026\/01\/Bianka-u-Daniel-Schmitt-pruning.jpeg\" width=\"1837\" height=\"1470\" srcset=\"https:\/\/devabor.com\/wp-content\/uploads\/2026\/01\/Bianka-u-Daniel-Schmitt-pruning.jpeg 1837w, https:\/\/devabor.com\/wp-content\/uploads\/2026\/01\/Bianka-u-Daniel-Schmitt-pruning-300x240.jpeg 300w, https:\/\/devabor.com\/wp-content\/uploads\/2026\/01\/Bianka-u-Daniel-Schmitt-pruning-1024x819.jpeg 1024w, https:\/\/devabor.com\/wp-content\/uploads\/2026\/01\/Bianka-u-Daniel-Schmitt-pruning-768x615.jpeg 768w, https:\/\/devabor.com\/wp-content\/uploads\/2026\/01\/Bianka-u-Daniel-Schmitt-pruning-1536x1229.jpeg 1536w, https:\/\/devabor.com\/wp-content\/uploads\/2026\/01\/Bianka-u-Daniel-Schmitt-pruning-15x12.jpeg 15w, https:\/\/devabor.com\/wp-content\/uploads\/2026\/01\/Bianka-u-Daniel-Schmitt-pruning-800x640.jpeg 800w\" sizes=\"(max-width: 1837px) 100vw, 1837px\" \/><\/p>\n<p>Biank\u00e1val \u00e9s Daniellel egy nagyon j\u00f3 fej h\u00e1zasp\u00e1rt ismertem meg, akik tele vannak c\u00e9lokkal, elk\u00e9pzel\u00e9sekkel \u00e9s kifejzetten \u00f6r\u00fcltem, hogy ilyen hamar siker\u00fclt egy kellemes l\u00e9gk\u00f6rt megteremten\u00fcnk.\u00a0\u00a0<\/p>\n<p>A h\u00e9t metsz\u00e9ssel kezd\u0151d\u00f6t \u00e9s azzal is fejez\u0151d\u00f6tt be. Mint mindenhol m\u00e1shol, itt is ennek van a szezonja. <span style=\"letter-spacing: 0em;\">Magyar viszonyokhoz k\u00e9pest, itt igen kellemes naps\u00fct\u00e9ses enyhe id\u0151 volt, szemben a magyarorsz\u00e1gi t\u00e9llel, aminek \u00e9n \u00f6r\u00fcl\u00f6k ett\u0151l f\u00fcggetlen\u00fcl. J\u00f3, hogy ha itt nem is, de otthon legal\u00e1bb t\u00e9nyleg t\u00e9l van.<\/span><\/p>\n<h3>\u00dajdons\u00e1gok<\/h3>\n<p><!-- \/wp:paragraph --><!-- wp:paragraph --><\/p>\n<p>Metsz\u00e9si tehets\u00e9gemet \u00e9s gyakorlatomat, ak\u00e1r hiszitek ak\u00e1r nem szint\u00e9n N\u00e9metorsz\u00e1gban saj\u00e1t\u00edtottam el m\u00e9g 2013-ban, amikor kiker\u00fcltem, &#8211; egy 2 \u00e9ves du\u00e1lis k\u00e9pz\u00e9sben vettem r\u00e9szt. Ott is, mint most egy csal\u00e1di pinc\u00e9szetn\u00e9l dolgoztam. Fontosnak tartom, hogy minden munkafolyamatban r\u00e9szt tudjak venni, hiszen \u00edgy tudja elsaj\u00e1t\u00edtani az ember a szakma minden cs\u00ednj\u00e1t binj\u00e1t.<br \/>A metsz\u00e9s az egyik legfontosabb munkafolyamatunk, mert ilyenkor alak\u00edtjuk ki a t\u0151keform\u00e1t \u00e1ll\u00edtjuk be az ez \u00e9vi term\u00e9st, b\u00e1r hajt\u00e1sv\u00e1lgat\u00e1ssal \u00e9rhetj\u00fck el a legnagyobb hat\u00e1st.\u00a0<\/p>\n<p><img alt=\"\" decoding=\"async\" class=\"alignnone wp-image-3111 size-large\" src=\"https:\/\/devabor.com\/wp-content\/uploads\/2026\/01\/Bianka-und-Daniel-Schmitt-1024x731.jpeg\" width=\"1024\" height=\"731\" srcset=\"https:\/\/devabor.com\/wp-content\/uploads\/2026\/01\/Bianka-und-Daniel-Schmitt-1024x731.jpeg 1024w, https:\/\/devabor.com\/wp-content\/uploads\/2026\/01\/Bianka-und-Daniel-Schmitt-300x214.jpeg 300w, https:\/\/devabor.com\/wp-content\/uploads\/2026\/01\/Bianka-und-Daniel-Schmitt-768x549.jpeg 768w, https:\/\/devabor.com\/wp-content\/uploads\/2026\/01\/Bianka-und-Daniel-Schmitt-1536x1097.jpeg 1536w, https:\/\/devabor.com\/wp-content\/uploads\/2026\/01\/Bianka-und-Daniel-Schmitt-2048x1463.jpeg 2048w, https:\/\/devabor.com\/wp-content\/uploads\/2026\/01\/Bianka-und-Daniel-Schmitt-18x12.jpeg 18w, https:\/\/devabor.com\/wp-content\/uploads\/2026\/01\/Bianka-und-Daniel-Schmitt-800x571.jpeg 800w\" sizes=\"(max-width: 1024px) 100vw, 1024px\" \/><\/p>\n<p><!-- \/wp:paragraph --><!-- wp:paragraph --><\/p>\n<p>Ami sz\u00e1momra \u00e9rdekes volt az a metsz\u00e9si m\u00f3d, amit &#8222;soft pruningnak&#8221;, vagy &#8222;szelid metsz\u00e9snek&#8221; h\u00edvnak. Ami nagyon fontos enn\u00e9l a metsz\u00e9si m\u00f3dn\u00e1l, hogy kifejezetten a sz\u0151l\u0151 ig\u00e9nyeit n\u00e9zz\u00fck, teh\u00e1t \u00fagy alak\u00edtjuk ki a t\u0151ke r\u00e9szeit, hogy a lehet\u0151 legjobb m\u00e9rt\u00e9kben tudja majd a t\u00e1panyagokat vizet hasznos\u00edtani \u00e9s a n\u00f6v\u00e9ny \u00e9rdekeit pr\u00f3b\u00e1ljuk kiel\u00e9g\u00edteni. \u00c1tlagban 2 csapot \u00e9s egy sz\u00e1lvessz\u0151re metszett\u00fcnk.<br \/>Alapj\u00e1ba v\u00e9ve egy sima guyot m\u0171vel\u00e9st alkalmaztunk.<br \/>M\u00e1sik kih\u00edv\u00e1s a tavaly lek\u00f6t\u00f6tt vessz\u0151k kieszk\u00e1b\u00e1l\u00e1sa \u00e9s elv\u00e1g\u00e1sa volt oll\u00f3val ugyanis, a vessz\u0151ket a dr\u00f3ton t\u00f6bbsz\u00f6r is \u00e1ttekerve k\u00f6t\u00f6tt\u00e9k le, ami az\u00e9rt jelent probl\u00e9m\u00e1t, mert \u00edgy a t\u00e1panyag\u00e1raml\u00e1st akad\u00e1lyozz\u00e1k, r\u00e1ad\u00e1sul nagyon szorosan voltak lek\u00f6tve.\u00a0 \u00cdgy ha ti egyszer is menn\u00e9tek metszeni \u00e9s k\u00f6tni, semmik\u00e9ppen se tekerj\u00e9tek csavarj\u00e1tok a vessz\u0151ket.<\/p>\n<p>K\u00f6szi<\/p>\n<p><!-- \/wp:paragraph --><!-- wp:paragraph --><\/p>\n<p>Nagyon szerencs\u00e9s vagyok, hogy nem csak a sz\u0151l\u0151ben val\u00f3 munk\u00e1kban vehetek r\u00e9szt, hanem persze utazhatok is. Az els\u0151 nagyobb 4 napos utam Biank\u00e1val egy\u00fctt R\u00f3m\u00e1ba vezettett. Innen jelentkezem.<\/p>\n<p>\u00a0<\/p>\n<p>#biodinamikus #biankaunddanielschmitt<\/p>\n<p><!-- \/wp:paragraph --><\/p>\t\t\t\t\t\t\t\t<\/div>\n\t\t\t\t<\/div>\n\t\t\t\t<div class=\"elementor-element elementor-element-1e82991 elementor-widget elementor-widget-video\" data-id=\"1e82991\" data-element_type=\"widget\" data-e-type=\"widget\" data-settings=\"{&quot;youtube_url&quot;:&quot;https:\\\/\\\/youtu.be\\\/qC4KgWYDtL4&quot;,&quot;video_type&quot;:&quot;youtube&quot;}\" data-widget_type=\"video.default\">\n\t\t\t\t<div class=\"elementor-widget-container\">\n\t\t\t\t\t\t\t<div class=\"elementor-wrapper elementor-open-inline\">\n\t\t\t<div class=\"elementor-video\"><\/div>\t\t<\/div>\n\t\t\t\t\t\t<\/div>\n\t\t\t\t<\/div>\n\t\t\t\t\t<\/div>\n\t\t\t\t<\/div>\n\t\t\t\t<\/div>","protected":false},"excerpt":{"rendered":"<p>Ilyen volt az els\u0151 h\u00e9t Meg\u00e9rkeztem Bianka \u00e9s Daniel Schmitt biodinamikus bor\u00e1szat\u00e1ba Fl\u00f6rsheim-Dalsheimba, amely Rheinhessen borvid\u00e9ken ter\u00fcl el. Biank\u00e1val \u00e9s&#8230;<\/p>","protected":false},"author":1,"featured_media":3111,"comment_status":"closed","ping_status":"closed","sticky":false,"template":"","format":"standard","meta":{"_seopress_robots_primary_cat":"none","_seopress_titles_title":"Bor\u00e1sz napl\u00f3 egy biodinamikus bor\u00e1szatn\u00e1l 2. r\u00e9sz","_seopress_titles_desc":"","_seopress_robots_index":"","_kad_post_transparent":"","_kad_post_title":"","_kad_post_layout":"","_kad_post_sidebar_id":"","_kad_post_content_style":"","_kad_post_vertical_padding":"","_kad_post_feature":"","_kad_post_feature_position":"","_kad_post_header":false,"_kad_post_footer":false,"_kad_post_classname":"","_jetpack_memberships_contains_paid_content":false,"footnotes":""},"categories":[1],"tags":[],"class_list":["post-3106","post","type-post","status-publish","format-standard","has-post-thumbnail","hentry","category-uncategorized"],"jetpack_featured_media_url":"https:\/\/devabor.com\/wp-content\/uploads\/2026\/01\/Bianka-und-Daniel-Schmitt.jpeg","jetpack_sharing_enabled":true,"_links":{"self":[{"href":"https:\/\/devabor.com\/en\/wp-json\/wp\/v2\/posts\/3106","targetHints":{"allow":["GET"]}}],"collection":[{"href":"https:\/\/devabor.com\/en\/wp-json\/wp\/v2\/posts"}],"about":[{"href":"https:\/\/devabor.com\/en\/wp-json\/wp\/v2\/types\/post"}],"author":[{"embeddable":true,"href":"https:\/\/devabor.com\/en\/wp-json\/wp\/v2\/users\/1"}],"replies":[{"embeddable":true,"href":"https:\/\/devabor.com\/en\/wp-json\/wp\/v2\/comments?post=3106"}],"version-history":[{"count":12,"href":"https:\/\/devabor.com\/en\/wp-json\/wp\/v2\/posts\/3106\/revisions"}],"predecessor-version":[{"id":3213,"href":"https:\/\/devabor.com\/en\/wp-json\/wp\/v2\/posts\/3106\/revisions\/3213"}],"wp:featuredmedia":[{"embeddable":true,"href":"https:\/\/devabor.com\/en\/wp-json\/wp\/v2\/media\/3111"}],"wp:attachment":[{"href":"https:\/\/devabor.com\/en\/wp-json\/wp\/v2\/media?parent=3106"}],"wp:term":[{"taxonomy":"category","embeddable":true,"href":"https:\/\/devabor.com\/en\/wp-json\/wp\/v2\/categories?post=3106"},{"taxonomy":"post_tag","embeddable":true,"href":"https:\/\/devabor.com\/en\/wp-json\/wp\/v2\/tags?post=3106"}],"curies":[{"name":"wp","href":"https:\/\/api.w.org\/{rel}","templated":true}]}}