{"id":3181,"date":"2026-02-22T13:10:00","date_gmt":"2026-02-22T13:10:00","guid":{"rendered":"https:\/\/devabor.com\/?p=3181"},"modified":"2026-03-01T14:57:54","modified_gmt":"2026-03-01T14:57:54","slug":"mosel-borvidek-meredek-lejtok-pala-es-a-riesling-hazaja","status":"publish","type":"post","link":"https:\/\/devabor.com\/en\/mosel-borvidek-meredek-lejtok-pala-es-a-riesling-hazaja\/","title":{"rendered":"Mosel borvid\u00e9k \u2013 meredek lejt\u0151k, pala \u00e9s a riesling haz\u00e1ja"},"content":{"rendered":"<div data-elementor-type=\"wp-post\" data-elementor-id=\"3181\" class=\"elementor elementor-3181\" data-elementor-post-type=\"post\">\n\t\t\t\t<div class=\"elementor-element elementor-element-5e282d01 e-flex e-con-boxed e-con e-parent\" data-id=\"5e282d01\" data-element_type=\"container\" data-e-type=\"container\">\n\t\t\t\t\t<div class=\"e-con-inner\">\n\t\t\t\t<div class=\"elementor-element elementor-element-7d9108b0 elementor-widget elementor-widget-text-editor\" data-id=\"7d9108b0\" data-element_type=\"widget\" data-e-type=\"widget\" data-widget_type=\"text-editor.default\">\n\t\t\t\t<div class=\"elementor-widget-container\">\n\t\t\t\t\t\t\t\t\t<h2 class=\"wp-block-heading\">Mosel \u2013 meredek lejt\u0151k \u00e9s a Riesling haz\u00e1ja<\/h2>\n<p><!-- \/wp:heading --><!-- wp:paragraph --><\/p>\n<p>Bor\u00e1szk\u00e9nt k\u00fcl\u00f6n\u00f6sen \u00e9rdekelt a Mosel borvid\u00e9k. R\u00e9g\u00f3ta szerettem volna eljutni ide, \u00e9s most m\u00e9g ha csak r\u00f6vid id\u0151re is siker\u00fclt. Az id\u0151j\u00e1r\u00e1s nem volt kegyes: es\u0151s, bor\u00fas nap fogadott, ami kiss\u00e9 nehez\u00edtette a halad\u00e1st a meredek ter\u00fcleteken. M\u00e9gis, a vid\u00e9k \u00edgy is meg\u0151rizte azt a k\u00fcl\u00f6nleges b\u00e1j\u00e1t, amely miatt annyian a vil\u00e1g egyik legizgalmasabb borvid\u00e9kek\u00e9nt tartj\u00e1k sz\u00e1mon.<\/p>\n<p><img alt=\"\" fetchpriority=\"high\" decoding=\"async\" class=\"alignnone size-large wp-image-3188\" src=\"https:\/\/devabor.com\/wp-content\/uploads\/2026\/02\/Mosel-1-768x1024.jpg\" width=\"768\" height=\"1024\" srcset=\"https:\/\/devabor.com\/wp-content\/uploads\/2026\/02\/Mosel-1-768x1024.jpg 768w, https:\/\/devabor.com\/wp-content\/uploads\/2026\/02\/Mosel-1-225x300.jpg 225w, https:\/\/devabor.com\/wp-content\/uploads\/2026\/02\/Mosel-1-1152x1536.jpg 1152w, https:\/\/devabor.com\/wp-content\/uploads\/2026\/02\/Mosel-1-9x12.jpg 9w, https:\/\/devabor.com\/wp-content\/uploads\/2026\/02\/Mosel-1-800x1067.jpg 800w, https:\/\/devabor.com\/wp-content\/uploads\/2026\/02\/Mosel-1-rotated.jpg 1500w\" sizes=\"(max-width: 768px) 100vw, 768px\" \/><\/p>\n<p><!-- \/wp:paragraph --><!-- wp:heading --><\/p>\n<h2 class=\"wp-block-heading\">Mir\u0151l ismert Mosel?<\/h2>\n<p><!-- \/wp:heading --><!-- wp:paragraph --><\/p>\n<p>A Mosel a vil\u00e1g egyik legismertebb borvid\u00e9ke. Nev\u00e9t els\u0151sorban a riesling tette vil\u00e1gh\u00edr\u0171v\u00e9: innen sz\u00e1rmaznak azok a karakteres, feszes sav\u00fa, petrolos, s\u00f3s-miner\u00e1lis borok, amelyek a fajt\u00e1t a legmagasabb szintre emelik.<\/p>\n<p><!-- \/wp:paragraph --><!-- wp:paragraph --><\/p>\n<p>A borvid\u00e9k t\u00f6rt\u00e9nete t\u00f6bb sz\u00e1z \u00e9vre ny\u00falik vissza. A sz\u0151l\u0151\u00fcltetv\u00e9nyek jelent\u0151s r\u00e9sze extr\u00e9m meredek lejt\u0151k\u00f6n tal\u00e1lhat\u00f3, sok helyen 70%-os d\u0151l\u00e9ssz\u00f6gben. Ezeken a ter\u00fcleteken g\u00e9pi m\u0171vel\u00e9s gyakorlatilag lehetetlen, \u00edgy a munkafolyamatok szinte teljes eg\u00e9sz\u00e9ben k\u00e9zzel t\u00f6rt\u00e9nnek. Ny\u00edlv\u00e1n nem minden r\u00e9szre igaz ez, az alacsonyabban fekv\u0151 ter\u00fcleteken v\u00e9geznek g\u00e9pi munk\u00e1t. M\u00e9gis a legt\u00f6bb helyen, a sz\u0171k sork\u00f6z\u00f6k \u00e9s a meredeks\u00e9g komoly fizikai kih\u00edv\u00e1st jelentenek. Ezt csak azt tudja, aki dolgozott m\u00e1r itt, vagy t\u00f6lt\u00f6tt itt id\u0151t ak\u00e1r csak a sz\u00fcreti id\u0151szakban is.<\/p>\n<p><!-- \/wp:paragraph --><!-- wp:heading --><\/p>\n<h2 class=\"wp-block-heading\">A terroir ereje<\/h2>\n<div><img alt=\"\" decoding=\"async\" class=\"alignnone size-large wp-image-3189\" src=\"https:\/\/devabor.com\/wp-content\/uploads\/2026\/02\/Mosel-lejtos-dombok-768x1024.jpg\" width=\"768\" height=\"1024\" srcset=\"https:\/\/devabor.com\/wp-content\/uploads\/2026\/02\/Mosel-lejtos-dombok-768x1024.jpg 768w, https:\/\/devabor.com\/wp-content\/uploads\/2026\/02\/Mosel-lejtos-dombok-225x300.jpg 225w, https:\/\/devabor.com\/wp-content\/uploads\/2026\/02\/Mosel-lejtos-dombok-1152x1536.jpg 1152w, https:\/\/devabor.com\/wp-content\/uploads\/2026\/02\/Mosel-lejtos-dombok-1536x2048.jpg 1536w, https:\/\/devabor.com\/wp-content\/uploads\/2026\/02\/Mosel-lejtos-dombok-9x12.jpg 9w, https:\/\/devabor.com\/wp-content\/uploads\/2026\/02\/Mosel-lejtos-dombok-800x1067.jpg 800w, https:\/\/devabor.com\/wp-content\/uploads\/2026\/02\/Mosel-lejtos-dombok.jpg 1600w\" sizes=\"(max-width: 768px) 100vw, 768px\" \/><\/div>\n<p><!-- \/wp:heading --><!-- wp:paragraph --><\/p>\n<p>A talaj meghat\u00e1roz\u00f3 eleme a sz\u00fcrke \u00e9s v\u00f6r\u00f6s pala. Ezek az apr\u00f3, lapos k\u00f6vekb\u0151l \u00e1ll\u00f3 k\u0151zetek nemcsak kiv\u00e1l\u00f3 v\u00edzelvezet\u00e9st biztos\u00edtanak, hanem jelent\u0151s szerepet j\u00e1tszanak a h\u0151h\u00e1ztart\u00e1sban is. A pala nappal gyorsan felmelegszik, \u00e9jszaka pedig vissza tudja sug\u00e1rozni a h\u0151t a t\u0151k\u00e9k ir\u00e1ny\u00e1ba, seg\u00edtve ezzel is az optim\u00e1lis \u00e9r\u00e9si folyamatokat.\u00a0<\/p>\n<p><img alt=\"\" decoding=\"async\" class=\"alignnone size-large wp-image-3193\" src=\"https:\/\/devabor.com\/wp-content\/uploads\/2026\/02\/Mosel-gyalogmuvelesg-768x1024.jpg\" width=\"768\" height=\"1024\" srcset=\"https:\/\/devabor.com\/wp-content\/uploads\/2026\/02\/Mosel-gyalogmuvelesg-768x1024.jpg 768w, https:\/\/devabor.com\/wp-content\/uploads\/2026\/02\/Mosel-gyalogmuvelesg-225x300.jpg 225w, https:\/\/devabor.com\/wp-content\/uploads\/2026\/02\/Mosel-gyalogmuvelesg-1152x1536.jpg 1152w, https:\/\/devabor.com\/wp-content\/uploads\/2026\/02\/Mosel-gyalogmuvelesg-9x12.jpg 9w, https:\/\/devabor.com\/wp-content\/uploads\/2026\/02\/Mosel-gyalogmuvelesg-800x1067.jpg 800w, https:\/\/devabor.com\/wp-content\/uploads\/2026\/02\/Mosel-gyalogmuvelesg-rotated.jpg 1500w\" sizes=\"(max-width: 768px) 100vw, 768px\" \/><\/p>\n<p>\u00a0<\/p>\n<p><!-- \/wp:paragraph --><!-- wp:paragraph --><\/p>\n<p>A meredek lejt\u0151k\u00f6n a termeszt\u0151k gyakran ereszked\u0151 m\u0171vel\u00e9si m\u00f3dot alkalmaznak. A foly\u00f3part \u00e9s a dombgerincek k\u00f6z\u00f6tti jelent\u0151s magass\u00e1gk\u00fcl\u00f6nbs\u00e9g komoly napi h\u0151ingadoz\u00e1st eredm\u00e9nyez: nappal intenz\u00edv fotoszint\u00e9zis zajlik, \u00e9jszaka pedig a savak meg\u0151rz\u00e9se ker\u00fcl el\u0151t\u00e9rbe.<\/p>\n<p><!-- \/wp:paragraph --><!-- wp:paragraph --><\/p>\n<p>A Mosel foly\u00f3 k\u00f6zels\u00e9ge szint\u00e9n meghat\u00e1roz\u00f3. A v\u00edzfel\u00fclet visszaveri a f\u00e9nyt, a k\u00f6d pedig sz\u0171ri \u00e9s l\u00e1gy\u00edtja a naps\u00fct\u00e9st, ez\u00e1ltal lass\u00edtja a cukorfelhalmoz\u00f3d\u00e1st \u00e9s elny\u00fajtja az \u00e9r\u00e9si folyamatot. Ez a hossz\u00fa, kiegyens\u00falyozott \u00e9r\u00e9s ide\u00e1lis felt\u00e9teleket teremt a nagy form\u00e1tum\u00fa, ak\u00e1r k\u00e9s\u0151i sz\u00fcretel\u00e9s\u0171 rieslingek sz\u00e1m\u00e1ra.\u00a0<\/p>\n<p><!-- \/wp:paragraph --><!-- wp:paragraph --><\/p>\n<p>Mint megtudtam Kozma P\u00e9tert\u0151l, &#8211; aki magyark\u00e9nt p\u00e1r \u00e9ve \u00e9l itt a vid\u00e9ken, &#8211; a Riel hat\u00e1r\u00e1ban l\u00e9v\u0151 nyugati parcell\u00e1k, b\u00e1r k\u00f6zel vannak a foly\u00f3hoz, m\u00e9gis lassabban \u00e9rnek be a sz\u0151l\u0151k, mert er\u0151s sz\u00e9l jellemzi ezt a r\u00e9szt. A lehull\u00f3 csapad\u00e9k sor\u00e1n a p\u00e1ra hamar felsz\u00e1rad, \u00edgy a Botrytis jelenl\u00e9te nem jellemz\u0151.<\/p>\n<p>N\u00f6v\u00e9nyv\u00e9delmi szempontb\u00f3l is kih\u00edv\u00e1s az itteni sz\u0151l\u0151m\u0171vel\u00e9s. Mint eml\u00edtettem kor\u00e1bban, a legt\u00f6bb ter\u00fcleten csak a k\u00e9zi munka lehets\u00e9ges, \u00edgy a permetez\u00e9st is h\u00e1ti eszk\u00f6z\u00f6kkel oldj\u00e1k meg. Azok akik organikusan, biodinamikus m\u00f3don m\u0171velik ter\u00fcleteiket, ak\u00e1r 10-15-sz\u00f6r is sz\u00fcks\u00e9ges a permetszerek kisz\u00f3r\u00e1sa. Eltudjuk k\u00e9pzelni, milyen megterhel\u0151 ilyen k\u00f6r\u00fclm\u00e9nyek k\u00f6z\u00f6tt dolgozni. Meg\u00e9ri ez egy\u00e1ltal\u00e1n?<\/p>\n<p>Sok borvid\u00e9ken, &#8211; ak\u00e1r csak itt, id\u00e9nmunk\u00e1sok v\u00e9gzik a ter\u00fcletek m\u0171vel\u00e9s\u00e9t. Sok az id\u0151s termel\u0151 \u00e9s a fiatalok nem l\u00e1tnak fant\u00e1zi\u00e1t abban, hogy folytass\u00e1k azt amit el\u0151deik fel\u00e9p\u00edtettek. Sokan kiv\u00e1gj\u00e1k az ak\u00e1r t\u00f6bb \u00e9vtizedes kor\u00fa t\u0151k\u00e9ket, \u00e9s nagyon nincs ut\u00e1np\u00f3tl\u00e1s. Sz\u00f3val ez a probl\u00e9ma fenn \u00e1ll, ak\u00e1rcsak n\u00e1lunk is.\u00a0<\/p>\n<p><!-- \/wp:paragraph --><!-- wp:heading --><\/p>\n<h2 class=\"wp-block-heading\">Mi\u00e9rt itt sz\u00fcletnek a legnagyobb rieslingek?<\/h2>\n<p><img alt=\"\" loading=\"lazy\" decoding=\"async\" class=\"alignright wp-image-3194 size-medium\" src=\"https:\/\/devabor.com\/wp-content\/uploads\/2026\/02\/clemensbusch-weingut-199x300.jpg\" width=\"199\" height=\"300\" srcset=\"https:\/\/devabor.com\/wp-content\/uploads\/2026\/02\/clemensbusch-weingut-199x300.jpg 199w, https:\/\/devabor.com\/wp-content\/uploads\/2026\/02\/clemensbusch-weingut-678x1024.jpg 678w, https:\/\/devabor.com\/wp-content\/uploads\/2026\/02\/clemensbusch-weingut-768x1159.jpg 768w, https:\/\/devabor.com\/wp-content\/uploads\/2026\/02\/clemensbusch-weingut-1018x1536.jpg 1018w, https:\/\/devabor.com\/wp-content\/uploads\/2026\/02\/clemensbusch-weingut-1357x2048.jpg 1357w, https:\/\/devabor.com\/wp-content\/uploads\/2026\/02\/clemensbusch-weingut-8x12.jpg 8w, https:\/\/devabor.com\/wp-content\/uploads\/2026\/02\/clemensbusch-weingut-800x1208.jpg 800w, https:\/\/devabor.com\/wp-content\/uploads\/2026\/02\/clemensbusch-weingut.jpg 1600w\" sizes=\"(max-width: 199px) 100vw, 199px\" \/><\/p>\n<p><!-- \/wp:heading --><!-- wp:paragraph --><\/p>\n<p><!-- \/wp:paragraph --><!-- wp:paragraph --><\/p>\n<p>A moseli rieslingekre jellemz\u0151 a mark\u00e1ns savgerinc, az \u00e9l\u00e9nk mineralit\u00e1s, valamint az \u00e9rlel\u00e9s sor\u00e1n megjelen\u0151 petrolos, puskaporos jegyek. A terroir \u00e9s a kl\u00edma egy\u00fcttese k\u00fcl\u00f6nleges eleganci\u00e1t \u00e9s hossz\u00fa \u00e9rlelhet\u0151s\u00e9get biztos\u00edt, ezek \u00e9rezhet\u0151ek a legt\u00f6bb Moseli borra.<\/p>\n<p><!-- \/wp:paragraph --><!-- wp:paragraph --><\/p>\n<p>Ugyanakkor a borvid\u00e9k nem egys\u00edk\u00fa. Minden d\u0171l\u0151nek \u00e9s minden termel\u0151nek megvan a saj\u00e1t st\u00edlusa, ami rendk\u00edv\u00fcli soksz\u00edn\u0171s\u00e9get eredm\u00e9nyez. \u00c9ppen ez a v\u00e1ltozatoss\u00e1g teszi a Moselt igaz\u00e1n izgalmass\u00e1.<\/p>\n<p><!-- \/wp:paragraph --><!-- wp:heading --><\/p>\n<h2 class=\"wp-block-heading\">Szem\u00e9lyes tapasztalat<\/h2>\n<p><!-- \/wp:heading --><!-- wp:paragraph --><\/p>\n<p><!-- \/wp:paragraph --><!-- wp:paragraph --><\/p>\n<p>L\u00e1togat\u00e1som sor\u00e1n tal\u00e1lkoztam egy magyar bor\u00e1sszal, Kozma P\u00e9terrel is, aki n\u00e9h\u00e1ny \u00e9ve nat\u00far borokat k\u00e9sz\u00edt Moselben. Lehet\u0151s\u00e9gem volt bej\u00e1rni n\u00e9h\u00e1ny parcell\u00e1t, \u00e9s testk\u00f6zelb\u0151l megtapasztalni, milyen fizikai kih\u00edv\u00e1st jelent itt a metsz\u00e9s vagy a sz\u00fcret.<\/p>\n<p><!-- \/wp:paragraph --><!-- wp:paragraph --><\/p>\n<p>A meredek lejt\u0151k\u00f6n val\u00f3 munk\u00e1hoz komoly fizikai \u00e1ll\u00f3k\u00e9pess\u00e9g \u00e9s koncentr\u00e1ci\u00f3 sz\u00fcks\u00e9ges. Nem egyszer\u0171 meg\u00e1llni, stabilan tartani magunkat itt val\u00f3ban minden mozdulatnak s\u00falya van. A sz\u00fcretet a legt\u00f6bb helyen \u00fagy oldj\u00e1k meg, hogy kis felvon\u00f3k vezetnek fel a domb oldal\u00e1ra \u00e9s ezzel hordj\u00e1k le a sz\u0151l\u0151t is.<\/p>\n<p><!-- \/wp:paragraph --><!-- wp:heading --><\/p>\n<h2 class=\"wp-block-heading\">Aj\u00e1nlott pinc\u00e9szetek Moselben<\/h2>\n<p><!-- \/wp:heading --><!-- wp:list {\"ordered\":true} --><\/p>\n<ol class=\"wp-block-list\">\n<li style=\"list-style-type: none;\">\n<ol class=\"wp-block-list\"><!-- wp:list-item --><\/ol>\n<\/li>\n<\/ol>\n<ol class=\"wp-block-list\">\n<li><a href=\"https:\/\/www.weingut-alten.com\/\" target=\"_blank\" rel=\"noopener\">Weingut Alten\u00a0<\/a><\/li>\n<li><a href=\"https:\/\/www.weingut-alten.com\/\" target=\"_blank\" rel=\"noopener\">\u00a0<\/a><a style=\"letter-spacing: 0em; background-color: #ffffff;\" href=\"https:\/\/clemens-busch.de\/\" target=\"_blank\" rel=\"noopener\">Weingut Clemens Busch\u00a0<\/a><\/li>\n<li><a href=\"https:\/\/www.trossenwein.de\/\" target=\"_blank\" rel=\"noopener\">\u00a0Rudolf &amp; Rita Trossen\u00a0<\/a><\/li>\n<li><a style=\"letter-spacing: 0em; background-color: #ffffff;\" href=\"https:\/\/melsheimer-riesling.de\/en\/\" target=\"_blank\" rel=\"noopener\">Weingut\u00a0Melsheimer<\/a><\/li>\n<\/ol>\n<div>Mosel tartogat meglepet\u00e9seket \u00e9s b\u00e1r, ide is el\u00e9rt a gazdas\u00e1gi probl\u00e9ma, a munkaer\u0151hi\u00e1ny \u00e9s az el\u00f6regedett t\u00e1rsadalmi kih\u00edv\u00e1s dilemm\u00e1ja, \u00e9n \u0151szint\u00e9n rem\u00e9lem, hogy az elk\u00f6vetkezend\u0151 \u00e9vtizedekben is megmarad olyannak, amilyen most.<\/div>\n<p><!-- \/wp:list-item --><\/p>\n<p><!-- \/wp:list --><\/p>\t\t\t\t\t\t\t\t<\/div>\n\t\t\t\t<\/div>\n\t\t\t\t<div class=\"elementor-element elementor-element-aae3d75 elementor-widget elementor-widget-video\" data-id=\"aae3d75\" data-element_type=\"widget\" data-e-type=\"widget\" data-settings=\"{&quot;youtube_url&quot;:&quot;https:\\\/\\\/youtube.com\\\/shorts\\\/K0H71I6sYHw?feature=share&quot;,&quot;mute&quot;:&quot;yes&quot;,&quot;video_type&quot;:&quot;youtube&quot;}\" data-widget_type=\"video.default\">\n\t\t\t\t<div class=\"elementor-widget-container\">\n\t\t\t\t\t\t\t<div class=\"elementor-wrapper elementor-open-inline\">\n\t\t\t<div class=\"elementor-video\"><\/div>\t\t<\/div>\n\t\t\t\t\t\t<\/div>\n\t\t\t\t<\/div>\n\t\t\t\t\t<\/div>\n\t\t\t\t<\/div>\n\t\t\t\t<\/div>","protected":false},"excerpt":{"rendered":"<p>Mosel \u2013 meredek lejt\u0151k \u00e9s a Riesling haz\u00e1ja Bor\u00e1szk\u00e9nt k\u00fcl\u00f6n\u00f6sen \u00e9rdekelt a Mosel borvid\u00e9k. R\u00e9g\u00f3ta szerettem volna eljutni ide, \u00e9s&#8230;<\/p>","protected":false},"author":1,"featured_media":3205,"comment_status":"closed","ping_status":"closed","sticky":false,"template":"","format":"standard","meta":{"_seopress_robots_primary_cat":"none","_seopress_titles_title":"Mosel borvid\u00e9k \u2013 meredek lejt\u0151k, pala \u00e9s a riesling haz\u00e1ja","_seopress_titles_desc":"","_seopress_robots_index":"","_kad_post_transparent":"","_kad_post_title":"","_kad_post_layout":"","_kad_post_sidebar_id":"","_kad_post_content_style":"","_kad_post_vertical_padding":"","_kad_post_feature":"","_kad_post_feature_position":"","_kad_post_header":false,"_kad_post_footer":false,"_kad_post_classname":"","_jetpack_memberships_contains_paid_content":false,"footnotes":""},"categories":[80,55],"tags":[77,98,139],"class_list":["post-3181","post","type-post","status-publish","format-standard","has-post-thumbnail","hentry","category-devabor","category-erdekessegek-a-borvilagbol","tag-borblog","tag-boredukacio","tag-mosel"],"jetpack_featured_media_url":"https:\/\/devabor.com\/wp-content\/uploads\/2026\/02\/mosel-borvidek-meredek-lejtok-pala-es-a-riesling-hazaja.png","jetpack_sharing_enabled":true,"_links":{"self":[{"href":"https:\/\/devabor.com\/en\/wp-json\/wp\/v2\/posts\/3181","targetHints":{"allow":["GET"]}}],"collection":[{"href":"https:\/\/devabor.com\/en\/wp-json\/wp\/v2\/posts"}],"about":[{"href":"https:\/\/devabor.com\/en\/wp-json\/wp\/v2\/types\/post"}],"author":[{"embeddable":true,"href":"https:\/\/devabor.com\/en\/wp-json\/wp\/v2\/users\/1"}],"replies":[{"embeddable":true,"href":"https:\/\/devabor.com\/en\/wp-json\/wp\/v2\/comments?post=3181"}],"version-history":[{"count":20,"href":"https:\/\/devabor.com\/en\/wp-json\/wp\/v2\/posts\/3181\/revisions"}],"predecessor-version":[{"id":3219,"href":"https:\/\/devabor.com\/en\/wp-json\/wp\/v2\/posts\/3181\/revisions\/3219"}],"wp:featuredmedia":[{"embeddable":true,"href":"https:\/\/devabor.com\/en\/wp-json\/wp\/v2\/media\/3205"}],"wp:attachment":[{"href":"https:\/\/devabor.com\/en\/wp-json\/wp\/v2\/media?parent=3181"}],"wp:term":[{"taxonomy":"category","embeddable":true,"href":"https:\/\/devabor.com\/en\/wp-json\/wp\/v2\/categories?post=3181"},{"taxonomy":"post_tag","embeddable":true,"href":"https:\/\/devabor.com\/en\/wp-json\/wp\/v2\/tags?post=3181"}],"curies":[{"name":"wp","href":"https:\/\/api.w.org\/{rel}","templated":true}]}}