{"id":3482,"date":"2026-04-28T17:01:56","date_gmt":"2026-04-28T17:01:56","guid":{"rendered":"https:\/\/devabor.com\/?p=3482"},"modified":"2026-04-28T17:06:34","modified_gmt":"2026-04-28T17:06:34","slug":"magyar-bormarketing-2026","status":"publish","type":"post","link":"https:\/\/devabor.com\/en\/magyar-bormarketing-2026\/","title":{"rendered":"Magyar bormarketing 2026"},"content":{"rendered":"<div data-elementor-type=\"wp-post\" data-elementor-id=\"3482\" class=\"elementor elementor-3482\" data-elementor-post-type=\"post\">\n\t\t\t\t<div class=\"elementor-element elementor-element-37eed009 e-flex e-con-boxed e-con e-parent\" data-id=\"37eed009\" data-element_type=\"container\" data-e-type=\"container\">\n\t\t\t\t\t<div class=\"e-con-inner\">\n\t\t\t\t<div class=\"elementor-element elementor-element-3e790f2f elementor-widget elementor-widget-text-editor\" data-id=\"3e790f2f\" data-element_type=\"widget\" data-e-type=\"widget\" data-widget_type=\"text-editor.default\">\n\t\t\t\t<div class=\"elementor-widget-container\">\n\t\t\t\t\t\t\t\t\t<p><\/p>\n<h2>Mi\u00e9rt nem el\u00e9g a j\u00f3 bor, \u00e9s mi\u00e9rt nem akarjuk ezt elfogadni!<\/h2>\n<p><\/p>\n<p><em>Ausztria 1985-ben nagy hib\u00e1t v\u00e9tett \u00e9s majdnem belebukott. Illetve bukott is, de kil\u00e1balt bel\u0151le \u00e9s ma az egyik legirigyl\u00e9srem\u00e9lt\u00f3bb bornemzet Eur\u00f3p\u00e1ban. Mi t\u00f6rt\u00e9nt vel\u00fck? \u00d6sszefogtak. Ez a cikk arr\u00f3l sz\u00f3l, hogy mi mi\u00e9rt nem csin\u00e1ljuk ugyanezt \u00e9s mit tehet\u00fcnk val\u00f3j\u00e1ban. <\/em><\/p>\n<p><\/p>\n<p>Alapvet\u0151en 1 cikkben szerettem volna gondoltaimat ecsetelni, de azt\u00e1n r\u00e1j\u00f6ttem, hogy tal\u00e1n t\u00fal nehezen lenne feldolgozhat\u00f3 \u00e9s \u00edgy v\u00e9g\u00fcl 2 cikk is sz\u00fcletik ebben a t\u00e9m\u00e1ban. Hogy mi\u00e9rt? &#8211; mert \u00fagy \u00e9rzem \u00e9p itt az ideje, hogy ezzel is foglalkozzunk \u00e9s kimondjuk amit tudunk \u00e9s azt is amit m\u00e9g nem, de rem\u00e9lhet\u0151leg fogunk tudni \u00e9s v\u00e1ltoztatunk rajta.<\/p>\n<p><\/p>\n<p>De, el\u0151sz\u00f6r t\u00e9rj\u00fcnk vissza Ausztri\u00e1hoz \u00e9s ahhoz, hogy mi k\u00f6ze van egy\u00e1ltal\u00e1n a magyar bormarketinghez?<\/p>\n<p><\/p>\n<h6><strong>Az osztr\u00e1k p\u00e9lda <\/strong><\/h6>\n<p><\/p>\n<ol class=\"wp-block-list\" start=\"1985\"><p><\/p>\n<li>Ny\u00e1r. Osztr\u00e1k borvizsg\u00e1l\u00f3k dietil\u00e9nglikolt, azaz fagy\u00e1ll\u00f3 hat\u00e1s\u00fa vegyszert tal\u00e1lnak egyes \u00e9des feh\u00e9rborokban. A termel\u0151k sz\u00e1nd\u00e9kosan adt\u00e1k hozz\u00e1, hogy teltebbnek, \u00e9desebbnek, karakteresebbnek t\u0171nj\u00f6n a bor. A botr\u00e1ny glob\u00e1lisan robbant. Az osztr\u00e1k borexport egyik napr\u00f3l a m\u00e1sikra \u00f6sszeomlott. N\u00e9metorsz\u00e1gban rakt\u00e1rakat z\u00e1rtak be \u00e9s az Egyes\u00fclt \u00c1llamokban betiltott\u00e1k az osztr\u00e1k borokat is.<\/li>\n<p><\/p><\/ol>\n<p><\/p>\n<p>Ez volt a glikol botr\u00e1ny. Az osztr\u00e1k boripar m\u00e9lypontja.<\/p>\n<p><\/p>\n<p>Most gyorsan fussunk el\u0151re: 2025. Ausztria a vil\u00e1g egyik legelismertebb feh\u00e9rbor termel\u0151 orsz\u00e1ga. A Gr\u00fcner Veltliner a Riesling glob\u00e1lisan keresett, pr\u00e9mium \u00e1ron kelend\u0151, a Wachau \u00e9s Burgenland borvid\u00e9kek neve a vil\u00e1g legjobb \u00e9ttermeinek borlapjain szerepel. Mi\u00e9rt t\u00f6rt\u00e9nt mindez?<\/p>\n<p><\/p>\n<p>Csoda lenne? vagy szerencse? &#8211; nem, hanem egy tudatos k\u00f6z\u00f6s munka eredm\u00e9nye.<\/p>\n<p><\/p>\n<p>Az osztr\u00e1kok 1985 ut\u00e1n nem egym\u00e1st hib\u00e1ztatt\u00e1k a t\u00f6rt\u00e9ntek ut\u00e1n, legal\u00e1bbis nem sok\u00e1ig. Merthogy felismert\u00e9k, hogy a probl\u00e9ma amit maguknak okoztak kollekt\u00edv \u00e9s a megold\u00e1soknak is kollekt\u00edvnak kell lennie. Ez\u00e9rt l\u00e9trehoztak egy szigor\u00fa bor\u00e1szati t\u00f6rv\u00e9nyt, &#8211; alapvet\u0151en a francia mint\u00e1t figyelembe v\u00e9ve. Az \u00d6sterreichische Wein Marketing GmbH \u00fajj\u00e1alakult, egy\u00e9rtelm\u0171 mand\u00e1tummal: nem rekl\u00e1mozni, hanem rehabilit\u00e1lni akartak. Egys\u00e9ges min\u0151s\u00e9gi tan\u00fas\u00edt\u00e1si rendszert vezettek be, a DAC rendszert amely borvid\u00e9kenk\u00e9nt garant\u00e1l min\u0151s\u00e9gi szintet.<\/p>\n<p><\/p>\n<p><em>B\u0151vebben k\u00e9sz\u00edtettem egy interj\u00fat egyik ismer\u0151s\u00f6mmel, aki kint \u00e9l Ausztri\u00e1ban \u00e9s nagy szak\u00e9rt\u0151je a t\u00e9m\u00e1nak. <\/em>N\u00e9zd meg itt! -&gt;<\/p>\n<p><\/p>\n<p>De a legfontosabb ami t\u00f6rt\u00e9nt: az osztr\u00e1k termel\u0151k elkezdtek egy\u00fctt kommunik\u00e1lni. Nem versengeni egym\u00e1ssal a k\u00fclf\u00f6ldi piacon, hanem egy\u00fctt k\u00e9pviselni azt, hogy mit jelent az osztr\u00e1k bor.<\/p>\n<p><\/p>\n<p>Ez a k\u00fcl\u00f6nbs\u00e9g. Ez az amit mi nem csin\u00e1lunk. Legal\u00e1bbis l\u00e1tszat van, csak val\u00f3s eredm\u00e9nyek nincsenek.<\/p>\n<p><\/p>\n<h6><strong>M\u00e1s k\u00fclf\u00f6ldi p\u00e9ld\u00e1k \u2014 mert Ausztria nem egyedi eset<\/strong><\/h6>\n<p><\/p>\n<p><strong>\u00daj-Z\u00e9land \u00e9s a Marlborough Sauvignon Blanc.<\/strong> Az 1980-as \u00e9vek el\u0151tt \u00daj-Z\u00e9land nem igaz\u00e1n l\u00e9tezett a vil\u00e1g bort\u00e9rk\u00e9p\u00e9n. Ma a Marlborough r\u00e9gi\u00f3 neve \u00f6n\u00e1ll\u00f3 m\u00e1rka, ha valaki Sauvignon Blanc-t keres a vil\u00e1g b\u00e1rmely pontj\u00e1n, Marlborough az els\u0151 sz\u00f3 ami esz\u00e9be jut. Ez nem v\u00e9letlen. AZ \u00daj-Z\u00e9land-i New Zealand Winegrowers szervezet \u00e9vtizedeken \u00e1t egys\u00e9gesen kommunik\u00e1lt, k\u00f6z\u00f6sen jelent meg export piacokon, \u00e9s egyetlen st\u00edlust a friss, citrusos, f\u00fcves karaktert pozicion\u00e1lta k\u00f6vetkezetesen.<\/p>\n<p><\/p>\n<p><strong>Prosecco \u00e9s az olasz \u00f6sszefog\u00e1s.<\/strong> A Prosecco ma a vil\u00e1g legt\u00f6bbet eladott pezsg\u0151st\u00edlusa, megel\u0151zi a Champagne-t mennyis\u00e9gben. Ez egy tudatosan fel\u00e9p\u00edtett m\u00e1rka, amelyet a Conegliano Valdobbiadene DOCG \u00e9s a Prosecco DOC k\u00f6z\u00f6sen v\u00e9d \u00e9s kommunik\u00e1l. Az olaszok meg\u00e9rtett\u00e9k hogy a Prosecco nem egyetlen egy pinc\u00e9szet term\u00e9ke hanem, egy r\u00e9gi\u00f3 neve, amit egy\u00fctt kell megv\u00e9deni \u00e9s \u00edgy is kell kommunik\u00e1lni.<\/p>\n<p><\/p>\n<p><strong>Rioja<\/strong>. A spanyol Rioja \u00e9vtizedek alatt \u00e9p\u00edtette fel ezt a min\u0151s\u00e9gi hierarchi\u00e1t, a &#8211; Joven, Crianza, Reserva, Gran Reserva \u2014 amelyet ma a vil\u00e1g minden borkedvel\u0151je \u00e9rt. Ez nem egyik termel\u0151 egy\u00e9ni d\u00f6nt\u00e9se volt. Ez egy kollekt\u00edv szab\u00e1lyrendszer amelyhez mindenki tartja mag\u00e1t \u00e9s amelyet k\u00f6z\u00f6sen kommunik\u00e1lnak. <a href=\"https:\/\/www.winewithseth.com\/winewiki\/spanish-aging-classification-joven-to-gran-reserva\/\">-&gt; Forr\u00e1s<\/a><\/p>\n<p><\/p>\n<p>A k\u00f6z\u00f6s nevez\u0151 minden esetben: egys\u00e9g a kommunik\u00e1ci\u00f3, k\u00f6vetkezetess\u00e9g \u00e9s hossz\u00fa t\u00e1v\u00fa gondolkod\u00e1s a r\u00f6vid t\u00e1v\u00fa verseny helyett.<\/p>\n<p><\/p>\n<h6><strong>Magyarorsz\u00e1g \u2014 hol tartunk val\u00f3j\u00e1ban?<\/strong><\/h6>\n<p><\/p>\n<p>Van Bort\u00e1rsas\u00e1g. Van Tokaj Renaissance. Van Bormarketing \u00dcgyn\u00f6ks\u00e9g. Vannak konferenci\u00e1ink, nemes d\u00edjaink \u00e9s vannak szakszervezeteink.<\/p>\n<p><\/p>\n<p>\u00c9s m\u00e9gis: ha megk\u00e9rdezed egy \u00e1tlagos londoni vagy berlini \u00e9tterem sommelier\u00e9t hogy soroljon fel h\u00e1rom magyar bort, a legt\u00f6bbj\u00fck meg\u00e1ll a Tokaji Asz\u00fan\u00e1l. Ha soroljon fel h\u00e1rom magyar bor\u00e1szatot, legt\u00f6bbj\u00fck nem tud. Ha k\u00e9rdezed, hogy mi a k\u00fcl\u00f6nbs\u00e9g furmint \u00e9s h\u00e1rslevel\u0171 k\u00f6z\u00f6tt m\u00e9ly hallgat\u00e1s.<\/p>\n<p><\/p>\n<p>Mi\u00e9rt?<\/p>\n<p><\/p>\n<p>Mert a k\u00f6z\u00f6s kommunik\u00e1ci\u00f3 helyett mindenki a saj\u00e1t pinc\u00e9szet\u00e9t tolja. Mert a &#8222;Tokaj&#8221; nevet mindenki akarja haszn\u00e1lni, de senki nem akar m\u00f6g\u00e9 \u00e1llni k\u00f6z\u00f6sen. Itt a k\u00f6z\u00f6sen van a hangs\u00faly, \u00e9s neh\u00e9z kimondani, de \u00fagy \u00e9rzem, azt gondoljuk sokan, hogy a j\u00f3 bor eladja mag\u00e1t, de sajnos nem.<\/p>\n<p><\/p>\n<p>Nem adja el mag\u00e1t. Soha nem adta el mag\u00e1t.<\/p>\n<p><\/p>\n<h6><strong>A magyar mentalit\u00e1s k\u00e9rd\u00e9se \u2014 amit senki nem akar felismerni \u00e9s v\u00e1ltoztatni.<\/strong><\/h6>\n<p><\/p>\n<p>Ez az a r\u00e9sz ahol sokan abbahagyj\u00e1k az olvas\u00e1st, de ha van m\u00e9g p\u00e1r perced, akkor maradj velem.<\/p>\n<p><\/p>\n<p>A &#8222;ha j\u00f3 vagyok, majd el\u0151bb-ut\u00f3bb \u00e9szreveszik\u201d hozz\u00e1\u00e1ll\u00e1s, m\u00e9g mindig m\u00e9lyen benne van a magyar szakmai kult\u00far\u00e1ban. A bor\u00e1szatban viszont ez gyakran egy ellentmond\u00e1sos helyzettel p\u00e1rosul: nagy befektet\u00e9sek, er\u0151s \u00f6nk\u00e9p, de kev\u00e9s val\u00f3di \u00f6nreflexi\u00f3.<\/p>\n<p><\/p>\n<p>Sok esetben az egy\u00e9ni amb\u00edci\u00f3 \u00e9s \u00f6n\u00e9rv\u00e9nyes\u00edt\u00e9s fel\u00fcl\u00edrja a k\u00f6z\u00f6s gondolkod\u00e1st, mik\u00f6zben \u00e9ppen a k\u00f6z\u00f6ss\u00e9gben lenne az a potenci\u00e1l, ami a magyar bort el\u0151re tudn\u00e1 vinni. Al\u00e1zat, nyitotts\u00e1g \u00e9s egy\u00fcttm\u0171k\u00f6d\u00e9s n\u00e9lk\u00fcl ez a fejl\u0151d\u00e9s nehezen fog megt\u00f6rt\u00e9nni. \u00c9n receptre \u00edrn\u00e1m fel mindenkinek az \u00f6nismeretet \u00e9s azt, hogyan kell egym\u00e1ssal kommunik\u00e1lni, \u00f6tletelni, megval\u00f3s\u00edtani.<\/p>\n<p><\/p>\n<p>Ennek kultur\u00e1lis gy\u00f6kerei vannak. \u00c9vtizedekig ebben az orsz\u00e1gban az \u00f6nt\u00f6mj\u00e9nez\u00e9s volt a jellemz\u0151. Aki kiemelkedett, az c\u00e9lt\u00e1bl\u00e1v\u00e1 v\u00e1lt, n\u00e9mi arroganci\u00e1val t\u00e1rsulva.<\/p>\n<p><\/p>\n<p>De most ez a mentalit\u00e1s nem b\u00f6lcsess\u00e9g, ez versenyh\u00e1tr\u00e1nyt jelent.<\/p>\n<p><\/p>\n<p>Mik\u00f6zben egy \u00faj-z\u00e9landi bor\u00e1sz TikTokon osztja meg a mindennapi teend\u0151it, hogyan sz\u00fcretel \u00e9s hogyan mossa a tart\u00e1lyokat, ezzel t\u00f6bb t\u00edzezer k\u00f6vet\u0151t vonzva maga ut\u00e1n, addig mi m\u00e9rlegel\u00fcnk \u00e9s pr\u00f3b\u00e1lunk megbar\u00e1tkozni a social m\u00e9dia vil\u00e1g\u00e1val, vagy kifog\u00e1sokat keres\u00fcnk nek\u00fck ez mi\u00e9rt nem m\u0171k\u00f6dne, ehhez nem \u00e9rt\u00fcnk \u00e9s felesleges id\u0151pocs\u00e9kol\u00e1snak tartjuk.<\/p>\n<p><\/p>\n<p>Ez nem az emberek hib\u00e1ja. Ez egy \u00f6r\u00f6k\u00f6lt minta. De az \u00f6r\u00f6k\u00f6lt mint\u00e1t fel lehet ismerni \u00e9s ha felismerted, m\u00e1r nem vagy kiszolg\u00e1ltatva.<\/p>\n<p><\/p>\n<h6><strong>Mi kellene val\u00f3j\u00e1ban?<\/strong><\/h6>\n<p><\/p>\n<p>Nem t\u00f6bb \u00fcgyn\u00f6ks\u00e9g. Nem t\u00f6bb konferencia. Szem\u00e9letv\u00e1lt\u00e1s.<\/p>\n<p><\/p>\n<p>El\u0151sz\u00f6r: egy k\u00f6z\u00f6s narrat\u00edva amit mindenki haszn\u00e1l. Borvid\u00e9kenk\u00e9nt, k\u00f6vetkezetes \u00fczenet. Tokaj eset\u00e9ben ez adott: ezer \u00e9ves \u00f6r\u00f6ks\u00e9g, egyedi \u00e9ghajlat, furmint mint glob\u00e1lisan egyedi fajta. Ezt kellene minden tokaji termel\u0151nek ugyan\u00fagy elmondania a saj\u00e1t hangj\u00e1n, de ugyanazt az alap\u00fczenetet, a saj\u00e1t t\u00f6rt\u00e9net\u00e9vel kieg\u00e9sz\u00edtve.<\/p>\n<p><\/p>\n<p>M\u00e1sodszor: export f\u00f3kusz fiatal bor\u00e1szokkal. A k\u00f6vetkez\u0151 gener\u00e1ci\u00f3 akik nyelveket besz\u00e9lnek, \u00e9rtik a digit\u00e1lis kommunik\u00e1ci\u00f3t, \u00e9s nem f\u00e9lnek megjelenni. Vannak most is kisebb-nagyobb egyes\u00fcletek l\u00e1tom \u0151ket, arra nincs r\u00e1hat\u00e1som, hogy \u0151k mik\u00e9nt kommunik\u00e1lnak egym\u00e1ssal mit osztanak meg, vagy \u0151k hogyan l\u00e1tj\u00e1k val\u00f3ban a magyar borokat, a piacot \u00e9s tesznek-e \u00e9rte, hogy ez v\u00e1ltozzon, de egym\u00e1s t\u00e1mogat\u00e1sa elengedhetetlen.<\/p>\n<p><\/p>\n<p>Harmadszor: \u00f6nismeret. Tal\u00e1n ez a legnehezebb feladat. \u00c9s ide tartozik az is, hogy megtanuljunk val\u00f3di k\u00f6z\u00f6ss\u00e9gk\u00e9nt m\u0171k\u00f6dni.<\/p>\n<p><\/p>\n<p>A bor\u00e1szatban sokszor azt l\u00e1tom, hogy mindenki mindent egyed\u00fcl akar megoldani. Saj\u00e1t pinc\u00e9t, saj\u00e1t rendszert, saj\u00e1t t\u00f6rt\u00e9netet \u00e9p\u00edt m\u00e9g akkor is, amikor erre val\u00f3j\u00e1ban nem lenne sz\u00fcks\u00e9g. Ez a szeml\u00e9let nemcsak er\u0151forr\u00e1s-pazarl\u00f3, hanem elszigetel is.<\/p>\n<p><\/p>\n<p>Az \u00f6sszefog\u00e1s azonban nem mer\u00fcl ki abban, hogy \u00e9vente n\u00e9h\u00e1ny alkalommal k\u00f6z\u00f6sen megjelen\u00fcnk, \u00e9s elj\u00e1tsszuk, milyen er\u0151s k\u00f6z\u00f6ss\u00e9g vagyunk. A val\u00f3di egy\u00fcttm\u0171k\u00f6d\u00e9s az \u00e9v t\u00f6bbi r\u00e9sz\u00e9ben t\u00f6rt\u00e9nik: k\u00f6z\u00f6s gondolkod\u00e1sban, egym\u00e1s ig\u00e9nyeinek meg\u00e9rt\u00e9s\u00e9ben, \u00e9s egy olyan k\u00f6z\u00f6s narrat\u00edva fel\u00e9p\u00edt\u00e9s\u00e9ben, amit egy\u00fctt tudunk hitelesen k\u00e9pviselni.<\/p>\n<p><\/p>\n<p>Lehet, hogy ez ma m\u00e9g idealist\u00e1nak t\u0171nik. De pont ez\u00e9rt \u00e9rdemes besz\u00e9lni r\u00f3la \u00e9s keresni a m\u0171k\u00f6d\u0151 form\u00e1it. Szem\u00e9lyesen hiszek abban, hogy minden \u00fat v\u00e9g\u00fcl \u00f6nmagunkhoz vezet \u2013 \u00e9s hogy a val\u00f3di v\u00e1ltoz\u00e1s a saj\u00e1t hozz\u00e1\u00e1ll\u00e1sunkkal kezd\u0151dik.<\/p>\n<p><\/p>\n<h6><strong>Mi\u00e9rt \u00edrom ezt le \u00e9n, kis t\u00e1llyai bor\u00e1szk\u00e9nt?<\/strong><\/h6>\n<p><\/p>\n<p>Mert l\u00e1tom minden nap. L\u00e1tom a gazd\u00e1tlan pincesorokat T\u00e1lly\u00e1n. L\u00e1tom a fiatalokat akik nem j\u00f6nnek vissza mert nem l\u00e1tnak j\u00f6v\u0151t. L\u00e1tom a k\u00fclf\u00f6ldi borokat amelyek j\u00f3 marketinggel k\u00f6zepes min\u0151s\u00e9g mellett is pr\u00e9mium \u00e1ron kelnek el, mik\u00f6zben tokaji furmint, ami meg\u00e1lln\u00e1 a hely\u00e9t b\u00e1rmelyik eur\u00f3pai borlapon, ismeretlen marad.<\/p>\n<p><\/p>\n<p>\u00c9n ez\u00e9rt kommunik\u00e1lok, \u00edrok \u00e9s ez\u00e9rt van itt ez a blog. Ez\u00e9rt van podcast \u00e9s YouTube csatorna. Nem mert \u00e9n jobban szeretem a reflektorf\u00e9nyt mint m\u00e1sok. Hanem mert meg\u00e9rtettem, hogy a csend nem er\u00e9ny, a bor\u00e1szatban ma a csend egyenl\u0151 a l\u00e1thatatlans\u00e1g\u00adgal.<\/p>\n<p><\/p>\n<p>Ha egyetlen tokaji termel\u0151 elolvassa ezt \u00e9s azt gondolja: \u201elehet hogy t\u00e9nyleg el kellene kezdeni kommunik\u00e1lni&#8221; akkor ez a cikk elv\u00e9gezte a dolg\u00e1t.<\/p>\n<p><\/p>\n<p>Folyt k\u00f6v&#8230;.<\/p>\n<p><\/p>\n<p><\/p>\n<p><\/p>\t\t\t\t\t\t\t\t<\/div>\n\t\t\t\t<\/div>\n\t\t\t\t\t<\/div>\n\t\t\t\t<\/div>\n\t\t\t\t<\/div>","protected":false},"excerpt":{"rendered":"<p>Mi\u00e9rt nem el\u00e9g a j\u00f3 bor, \u00e9s mi\u00e9rt nem akarjuk ezt elfogadni! Ausztria 1985-ben nagy hib\u00e1t v\u00e9tett \u00e9s majdnem belebukott&#8230;.<\/p>","protected":false},"author":1,"featured_media":3487,"comment_status":"closed","ping_status":"closed","sticky":false,"template":"","format":"standard","meta":{"_seopress_robots_primary_cat":"none","_seopress_titles_title":"Magyar bormarketing 2026 \u2014 mi\u00e9rt nem el\u00e9g a j\u00f3 bor, \u00e9s mi\u00e9rt nem akarjuk ezt elfogadni","_seopress_titles_desc":"Magyar bormarketing 2025 \u2014 mi\u00e9rt nem el\u00e9g a j\u00f3 bor, \u00e9s mi\u00e9rt nem akarjuk ezt elfogadni. Az osztr\u00e1k glikol botr\u00e1ny tanuls\u00e1ga, \u00daj-Z\u00e9land, Prosecco, Rioja \u00e9s ahol Magyarorsz\u00e1g tart.","_seopress_robots_index":"","_kad_post_transparent":"","_kad_post_title":"","_kad_post_layout":"","_kad_post_sidebar_id":"","_kad_post_content_style":"","_kad_post_vertical_padding":"","_kad_post_feature":"","_kad_post_feature_position":"","_kad_post_header":false,"_kad_post_footer":false,"_kad_post_classname":"","_jetpack_memberships_contains_paid_content":false,"footnotes":""},"categories":[1],"tags":[],"class_list":["post-3482","post","type-post","status-publish","format-standard","has-post-thumbnail","hentry","category-uncategorized"],"jetpack_featured_media_url":"https:\/\/devabor.com\/wp-content\/uploads\/2026\/04\/bormarkeitng.png","jetpack_sharing_enabled":true,"_links":{"self":[{"href":"https:\/\/devabor.com\/en\/wp-json\/wp\/v2\/posts\/3482","targetHints":{"allow":["GET"]}}],"collection":[{"href":"https:\/\/devabor.com\/en\/wp-json\/wp\/v2\/posts"}],"about":[{"href":"https:\/\/devabor.com\/en\/wp-json\/wp\/v2\/types\/post"}],"author":[{"embeddable":true,"href":"https:\/\/devabor.com\/en\/wp-json\/wp\/v2\/users\/1"}],"replies":[{"embeddable":true,"href":"https:\/\/devabor.com\/en\/wp-json\/wp\/v2\/comments?post=3482"}],"version-history":[{"count":6,"href":"https:\/\/devabor.com\/en\/wp-json\/wp\/v2\/posts\/3482\/revisions"}],"predecessor-version":[{"id":3490,"href":"https:\/\/devabor.com\/en\/wp-json\/wp\/v2\/posts\/3482\/revisions\/3490"}],"wp:featuredmedia":[{"embeddable":true,"href":"https:\/\/devabor.com\/en\/wp-json\/wp\/v2\/media\/3487"}],"wp:attachment":[{"href":"https:\/\/devabor.com\/en\/wp-json\/wp\/v2\/media?parent=3482"}],"wp:term":[{"taxonomy":"category","embeddable":true,"href":"https:\/\/devabor.com\/en\/wp-json\/wp\/v2\/categories?post=3482"},{"taxonomy":"post_tag","embeddable":true,"href":"https:\/\/devabor.com\/en\/wp-json\/wp\/v2\/tags?post=3482"}],"curies":[{"name":"wp","href":"https:\/\/api.w.org\/{rel}","templated":true}]}}